{"id":430,"date":"2019-07-01T17:36:17","date_gmt":"2019-07-01T15:36:17","guid":{"rendered":"https:\/\/financialtimes.cz\/?p=430"},"modified":"2019-07-01T17:36:18","modified_gmt":"2019-07-01T15:36:18","slug":"firma-basf-zrusi-sest-tisic-pracovnich-mist","status":"publish","type":"post","link":"https:\/\/financialtimes.cz\/?p=430","title":{"rendered":"Firma BASF zru\u0161\u00ed \u0161est tis\u00edc pracovn\u00edch m\u00edst"},"content":{"rendered":"\n<p class=\"wp-block-paragraph\">N\u011bmeck\u00e1 chemick\u00e1 firma BASF ozn\u00e1mila, \u017ee do konce roku 2021 glob\u00e1ln\u00ed zru\u0161\u00ed \u0161est tis\u00edc pracovn\u00edch m\u00edst v r\u00e1mci &#8222;organiza\u010dn\u00edho p\u0159izp\u016fsoben\u00ed&#8220;, jeho\u017e c\u00edlem je ze\u0161t\u00edhlen\u00ed administrativy a zjednodu\u0161en\u00ed struktury spole\u010dnosti.<\/p>\n\n\n\n<h2 class=\"wp-block-heading\">BASF <\/h2>\n\n\n\n<p class=\"wp-block-paragraph\">Firma ve zpr\u00e1v\u011b, kterou zve\u0159ejnila ve \u010dtvrtek, uvedla, \u017ee restrukturalizace jej\u00ed u\u0161et\u0159\u00ed 300 mil. eur v r\u00e1mci prob\u00edhaj\u00edc\u00edho programu efektivnosti, kter\u00fd by m\u011bl jej\u00ed zisk od roku 2021 zv\u00fd\u0161it o 2 mld. eur ro\u010dn\u011b.<\/p>\n\n\n\n<p class=\"wp-block-paragraph\">Spole\u010dnost BASF se vyj\u00e1d\u0159ila, \u017ee jej\u00edm c\u00edlem je m\u00edt men\u0161\u00ed s\u00eddlo a pos\u00edlit roli region\u00e1ln\u00edho \u0159\u00edzen\u00ed.<\/p>\n\n\n\n<figure class=\"wp-block-image\"><img loading=\"lazy\" decoding=\"async\" width=\"1024\" height=\"512\" src=\"https:\/\/financialtimes.cz\/wp-content\/uploads\/2019\/07\/BASF-1024x512.jpg\" alt=\"\" class=\"wp-image-431\" srcset=\"https:\/\/financialtimes.cz\/wp-content\/uploads\/2019\/07\/BASF.jpg 1024w, https:\/\/financialtimes.cz\/wp-content\/uploads\/2019\/07\/BASF-300x150.jpg 300w, https:\/\/financialtimes.cz\/wp-content\/uploads\/2019\/07\/BASF-768x384.jpg 768w, https:\/\/financialtimes.cz\/wp-content\/uploads\/2019\/07\/BASF-696x348.jpg 696w, https:\/\/financialtimes.cz\/wp-content\/uploads\/2019\/07\/BASF-840x420.jpg 840w\" sizes=\"auto, (max-width: 1024px) 100vw, 1024px\" \/><\/figure>\n\n\n\n<h2 class=\"wp-block-heading\"> BASF m\u00e1 122 400 zam\u011bstnanc\u016f<\/h2>\n\n\n\n<p class=\"wp-block-paragraph\">Firma loni m\u011bla 122 400 zam\u011bstnanc\u016f, z toho 75 tis. v Evrop\u011b a 20 tis. v Severn\u00ed Americe.<\/p>\n\n\n\n<p class=\"wp-block-paragraph\">BASF vyr\u00e1b\u00ed chemik\u00e1lie pro odv\u011btv\u00ed produkce plast\u016f, pr\u016fmyslov\u00e9 materi\u00e1ly a barviva, p\u0159\u00edsady do potravin a krmiv a chemik\u00e1lie pro zem\u011bd\u011blstv\u00ed.<\/p>\n","protected":false},"excerpt":{"rendered":"<p>N\u011bmeck\u00e1 chemick\u00e1 firma BASF ozn\u00e1mila, \u017ee do konce roku 2021 glob\u00e1ln\u00ed zru\u0161\u00ed \u0161est tis\u00edc pracovn\u00edch m\u00edst v r\u00e1mci &#8222;organiza\u010dn\u00edho p\u0159izp\u016fsoben\u00ed&#8220;, jeho\u017e c\u00edlem je ze\u0161t\u00edhlen\u00ed administrativy a zjednodu\u0161en\u00ed struktury spole\u010dnosti. BASF Firma ve zpr\u00e1v\u011b, kterou zve\u0159ejnila ve \u010dtvrtek, uvedla, \u017ee restrukturalizace jej\u00ed u\u0161et\u0159\u00ed 300 mil. eur v r\u00e1mci prob\u00edhaj\u00edc\u00edho programu efektivnosti, kter\u00fd by m\u011bl jej\u00ed zisk [&hellip;]<\/p>\n","protected":false},"author":1,"featured_media":432,"comment_status":"open","ping_status":"open","sticky":false,"template":"","format":"standard","meta":{"footnotes":""},"categories":[17],"tags":[],"class_list":["post-430","post","type-post","status-publish","format-standard","has-post-thumbnail","category-aktualne"],"_links":{"self":[{"href":"https:\/\/financialtimes.cz\/index.php?rest_route=\/wp\/v2\/posts\/430","targetHints":{"allow":["GET"]}}],"collection":[{"href":"https:\/\/financialtimes.cz\/index.php?rest_route=\/wp\/v2\/posts"}],"about":[{"href":"https:\/\/financialtimes.cz\/index.php?rest_route=\/wp\/v2\/types\/post"}],"author":[{"embeddable":true,"href":"https:\/\/financialtimes.cz\/index.php?rest_route=\/wp\/v2\/users\/1"}],"replies":[{"embeddable":true,"href":"https:\/\/financialtimes.cz\/index.php?rest_route=%2Fwp%2Fv2%2Fcomments&post=430"}],"version-history":[{"count":0,"href":"https:\/\/financialtimes.cz\/index.php?rest_route=\/wp\/v2\/posts\/430\/revisions"}],"wp:featuredmedia":[{"embeddable":true,"href":"https:\/\/financialtimes.cz\/index.php?rest_route=\/wp\/v2\/media\/432"}],"wp:attachment":[{"href":"https:\/\/financialtimes.cz\/index.php?rest_route=%2Fwp%2Fv2%2Fmedia&parent=430"}],"wp:term":[{"taxonomy":"category","embeddable":true,"href":"https:\/\/financialtimes.cz\/index.php?rest_route=%2Fwp%2Fv2%2Fcategories&post=430"},{"taxonomy":"post_tag","embeddable":true,"href":"https:\/\/financialtimes.cz\/index.php?rest_route=%2Fwp%2Fv2%2Ftags&post=430"}],"curies":[{"name":"wp","href":"https:\/\/api.w.org\/{rel}","templated":true}]}}