{"id":443,"date":"2019-07-01T17:54:12","date_gmt":"2019-07-01T15:54:12","guid":{"rendered":"https:\/\/financialtimes.cz\/?p=443"},"modified":"2019-07-01T17:54:13","modified_gmt":"2019-07-01T15:54:13","slug":"vlada-nepotrebuje-v-renaultu-snizit-svuj-podil-tvrdi-macron","status":"publish","type":"post","link":"https:\/\/financialtimes.cz\/?p=443","title":{"rendered":"Vl\u00e1da nepot\u0159ebuje v Renaultu sn\u00ed\u017eit sv\u016fj pod\u00edl, tvrd\u00ed Macron"},"content":{"rendered":"\n<p class=\"wp-block-paragraph\">Francouzsk\u00e1 vl\u00e1da nepot\u0159ebuje sn\u00ed\u017eit sv\u016fj pod\u00edl v automobilce spole\u010dnosti Renault.<\/p>\n\n\n\n<p class=\"wp-block-paragraph\">Prohl\u00e1sil to ve \u010dtvrtek francouzsk\u00fd prezident Emmanuel Macron b\u011bhem n\u00e1v\u0161t\u011bvy Japonska a dodal, \u017ee chce, aby aliance Renault-Nissan pracovala na posilov\u00e1n\u00ed synergi\u00ed.<\/p>\n\n\n\n<h2 class=\"wp-block-heading\">Renault <\/h2>\n\n\n\n<p class=\"wp-block-paragraph\">Vztahy mezi \u010dleny automobilov\u00e9 aliance jsou napjat\u00e9 od zat\u010den\u00ed jej\u00edho b\u00fdval\u00e9ho \u0161\u00e9fa Carlose Ghosna v Tokiu loni v listopadu.<\/p>\n\n\n\n<figure class=\"wp-block-image\"><img loading=\"lazy\" decoding=\"async\" width=\"780\" height=\"520\" src=\"https:\/\/financialtimes.cz\/wp-content\/uploads\/2019\/07\/Emmanuel-Macron.jpg\" alt=\"\" class=\"wp-image-445\" srcset=\"https:\/\/financialtimes.cz\/wp-content\/uploads\/2019\/07\/Emmanuel-Macron.jpg 780w, https:\/\/financialtimes.cz\/wp-content\/uploads\/2019\/07\/Emmanuel-Macron-300x200.jpg 300w, https:\/\/financialtimes.cz\/wp-content\/uploads\/2019\/07\/Emmanuel-Macron-768x512.jpg 768w, https:\/\/financialtimes.cz\/wp-content\/uploads\/2019\/07\/Emmanuel-Macron-696x464.jpg 696w, https:\/\/financialtimes.cz\/wp-content\/uploads\/2019\/07\/Emmanuel-Macron-630x420.jpg 630w\" sizes=\"auto, (max-width: 780px) 100vw, 780px\" \/><\/figure>\n\n\n\n<h2 class=\"wp-block-heading\">Emmanuel Macron <\/h2>\n\n\n\n<p class=\"wp-block-paragraph\">Macron to v\u0161ak ozna\u010dil za &#8222;osobn\u00ed situaci&#8220; b\u00fdval\u00e9ho p\u0159edsedy p\u0159edstavenstva aliance, kter\u00e1 by podle n\u011bj nem\u011bla m\u00edt vliv na partnerstv\u00ed obou firem.<\/p>\n\n\n\n<p class=\"wp-block-paragraph\">&#8222;Nic v t\u00e9to situaci neomlouv\u00e1 zm\u011bnu pod\u00edl\u016f, pravidel \u0159\u00edzen\u00ed a zm\u011bnu pod\u00edlu st\u00e1tu ve spole\u010dnosti Renault, kter\u00fd nem\u00e1 nic spole\u010dn\u00e9ho s Nissanem,&#8220; \u0159ekl Macron novin\u00e1\u0159\u016fm.<\/p>\n\n\n\n<p class=\"wp-block-paragraph\">Macronova slova jsou v rozporu s ned\u00e1vn\u00fdm prohl\u00e1\u0161en\u00edm francouzsk\u00e9ho ministra financ\u00ed Bruna Le Maire, \u017ee vl\u00e1da je p\u0159ipravena sn\u00ed\u017eit sv\u016fj patn\u00e1ctiprocentn\u00ed pod\u00edl ve spole\u010dnosti Renault v z\u00e1jmu podpory spojenectv\u00ed automobilky s japonsk\u00fdm Nissan Motor.<\/p>\n","protected":false},"excerpt":{"rendered":"<p>Francouzsk\u00e1 vl\u00e1da nepot\u0159ebuje sn\u00ed\u017eit sv\u016fj pod\u00edl v automobilce spole\u010dnosti Renault. Prohl\u00e1sil to ve \u010dtvrtek francouzsk\u00fd prezident Emmanuel Macron b\u011bhem n\u00e1v\u0161t\u011bvy Japonska a dodal, \u017ee chce, aby aliance Renault-Nissan pracovala na posilov\u00e1n\u00ed synergi\u00ed. Renault Vztahy mezi \u010dleny automobilov\u00e9 aliance jsou napjat\u00e9 od zat\u010den\u00ed jej\u00edho b\u00fdval\u00e9ho \u0161\u00e9fa Carlose Ghosna v Tokiu loni v listopadu. Emmanuel Macron Macron [&hellip;]<\/p>\n","protected":false},"author":1,"featured_media":446,"comment_status":"open","ping_status":"open","sticky":false,"template":"","format":"standard","meta":{"footnotes":""},"categories":[17],"tags":[],"class_list":["post-443","post","type-post","status-publish","format-standard","has-post-thumbnail","category-aktualne"],"_links":{"self":[{"href":"https:\/\/financialtimes.cz\/index.php?rest_route=\/wp\/v2\/posts\/443","targetHints":{"allow":["GET"]}}],"collection":[{"href":"https:\/\/financialtimes.cz\/index.php?rest_route=\/wp\/v2\/posts"}],"about":[{"href":"https:\/\/financialtimes.cz\/index.php?rest_route=\/wp\/v2\/types\/post"}],"author":[{"embeddable":true,"href":"https:\/\/financialtimes.cz\/index.php?rest_route=\/wp\/v2\/users\/1"}],"replies":[{"embeddable":true,"href":"https:\/\/financialtimes.cz\/index.php?rest_route=%2Fwp%2Fv2%2Fcomments&post=443"}],"version-history":[{"count":0,"href":"https:\/\/financialtimes.cz\/index.php?rest_route=\/wp\/v2\/posts\/443\/revisions"}],"wp:featuredmedia":[{"embeddable":true,"href":"https:\/\/financialtimes.cz\/index.php?rest_route=\/wp\/v2\/media\/446"}],"wp:attachment":[{"href":"https:\/\/financialtimes.cz\/index.php?rest_route=%2Fwp%2Fv2%2Fmedia&parent=443"}],"wp:term":[{"taxonomy":"category","embeddable":true,"href":"https:\/\/financialtimes.cz\/index.php?rest_route=%2Fwp%2Fv2%2Fcategories&post=443"},{"taxonomy":"post_tag","embeddable":true,"href":"https:\/\/financialtimes.cz\/index.php?rest_route=%2Fwp%2Fv2%2Ftags&post=443"}],"curies":[{"name":"wp","href":"https:\/\/api.w.org\/{rel}","templated":true}]}}